{"id":6114,"date":"2025-04-03T11:17:25","date_gmt":"2025-04-03T09:17:25","guid":{"rendered":"https:\/\/ligue-iteka.bi\/?p=6114"},"modified":"2025-05-01T11:18:25","modified_gmt":"2025-05-01T09:18:25","slug":"rapport-sur-la-situation-des-droits-de-lhomme-de-janvier-a-mars-2025","status":"publish","type":"post","link":"https:\/\/ligue-iteka.bi\/index.php\/2025\/04\/03\/rapport-sur-la-situation-des-droits-de-lhomme-de-janvier-a-mars-2025\/","title":{"rendered":"Rapport sur la situation des droits de l&rsquo;homme de janvier \u00e0 mars 2025"},"content":{"rendered":"<p>Ce rapport sur la situation des droits de l\u2019homme au Burundi de janvier \u00e0 mars 2025 traite le contexte<br \/>\npolitique, \u00e9lectoral, humanitaire, \u00e9conomique, judiciaire, gouvernance, s\u00e9curitaire et environnemental.<br \/>\nIl revient aussi sur des droits civils et politiques, les droits \u00e9conomiques, sociaux et cultuels. Le pr\u00e9sent rapport<br \/>\nse cl\u00f4ture enfin par une conclusion et des recommandations.<\/p>\n<p>Ainsi, la situation des droits de l\u2019homme a \u00e9t\u00e9 rapport\u00e9e comme suit : au moins 98 personnes tu\u00e9es<br \/>\ndont 49 cadavres retrouv\u00e9s, 36 victimes de VBGs dont 34 victimes de VSBGs, 13 personnes tortur\u00e9es, 6 personnes enlev\u00e9es et\/ou port\u00e9es disparues ainsi que 638 personnes arr\u00eat\u00e9es arbitrairement.<\/p>\n<p>Parmi les victimes, figure 7 femmes et 7 enfants tu\u00e9s, 7 gar\u00e7ons mineurs victimes de viol, 2 filles<br \/>\ntu\u00e9es et 1 femme arr\u00eat\u00e9e arbitrairement ainsi que 4 docteurs m\u00e9decins arr\u00eat\u00e9s arbitrairement. <a href=\"https:\/\/ligue-iteka.bi\/wp-content\/uploads\/2025\/04\/RAPPORT-TRIMESTRIEL-JANVIER-MARS-2025.pdf\">Lire le rapport en int\u00e9gralit\u00e9<\/a><\/p>\n","protected":false},"excerpt":{"rendered":"<p>Ce rapport sur la situation des droits de l\u2019homme au Burundi de janvier \u00e0 mars 2025 traite le contexte politique, \u00e9lectoral, humanitaire, \u00e9conomique, judiciaire, gouvernance, s\u00e9curitaire et environnemental. Il revient aussi sur des droits civils et politiques, les droits \u00e9conomiques, <a class=\"more-link\" href=\"https:\/\/ligue-iteka.bi\/index.php\/2025\/04\/03\/rapport-sur-la-situation-des-droits-de-lhomme-de-janvier-a-mars-2025\/\">Continuer la lecture <span class=\"screen-reader-text\">  Rapport sur la situation des droits de l&rsquo;homme de janvier \u00e0 mars 2025<\/span><span class=\"meta-nav\">&rarr;<\/span><\/a><\/p>\n","protected":false},"author":1,"featured_media":0,"comment_status":"open","ping_status":"open","sticky":false,"template":"","format":"standard","meta":{"om_disable_all_campaigns":false,"footnotes":""},"categories":[5],"tags":[],"class_list":["post-6114","post","type-post","status-publish","format-standard","hentry","category-rapports"],"_links":{"self":[{"href":"https:\/\/ligue-iteka.bi\/index.php\/wp-json\/wp\/v2\/posts\/6114","targetHints":{"allow":["GET"]}}],"collection":[{"href":"https:\/\/ligue-iteka.bi\/index.php\/wp-json\/wp\/v2\/posts"}],"about":[{"href":"https:\/\/ligue-iteka.bi\/index.php\/wp-json\/wp\/v2\/types\/post"}],"author":[{"embeddable":true,"href":"https:\/\/ligue-iteka.bi\/index.php\/wp-json\/wp\/v2\/users\/1"}],"replies":[{"embeddable":true,"href":"https:\/\/ligue-iteka.bi\/index.php\/wp-json\/wp\/v2\/comments?post=6114"}],"version-history":[{"count":1,"href":"https:\/\/ligue-iteka.bi\/index.php\/wp-json\/wp\/v2\/posts\/6114\/revisions"}],"predecessor-version":[{"id":6115,"href":"https:\/\/ligue-iteka.bi\/index.php\/wp-json\/wp\/v2\/posts\/6114\/revisions\/6115"}],"wp:attachment":[{"href":"https:\/\/ligue-iteka.bi\/index.php\/wp-json\/wp\/v2\/media?parent=6114"}],"wp:term":[{"taxonomy":"category","embeddable":true,"href":"https:\/\/ligue-iteka.bi\/index.php\/wp-json\/wp\/v2\/categories?post=6114"},{"taxonomy":"post_tag","embeddable":true,"href":"https:\/\/ligue-iteka.bi\/index.php\/wp-json\/wp\/v2\/tags?post=6114"}],"curies":[{"name":"wp","href":"https:\/\/api.w.org\/{rel}","templated":true}]}}