{"id":4966,"date":"2024-07-23T20:48:20","date_gmt":"2024-07-23T17:48:20","guid":{"rendered":"https:\/\/ligue-iteka.bi\/?p=4966"},"modified":"2024-07-23T21:03:18","modified_gmt":"2024-07-23T18:03:18","slug":"bulletin-hebdomadaire-iteka-nijambo-n430","status":"publish","type":"post","link":"https:\/\/ligue-iteka.bi\/index.php\/2024\/07\/23\/bulletin-hebdomadaire-iteka-nijambo-n430\/","title":{"rendered":"Bulletin hebdomadaire Iteka n&rsquo;Ijambo n\u00b0430"},"content":{"rendered":"\n<p>Ce bulletin traite le contexte \u00e9conomique, judicaire, gouvernance et s\u00e9curitaire ayant marqu\u00e9 cette p\u00e9riode. Il traite \u00e9galement les droits civils et politiques&nbsp;; les droits \u00e9conomiques, sociaux et culturels ainsi que les droits cat\u00e9goriels et se cl\u00f4ture par une conclusion.<\/p>\n\n\n\n<p>Ainsi, au cours de cette p\u00e9riode couverte par ce bulletin, la situation des droits de l\u2019homme et s\u00e9curitaire a \u00e9t\u00e9 rapport\u00e9e comme suit : au moins 4 personnes tu\u00e9es dont 2 retrouv\u00e9es cadavres, 2 victimes de VBGs, 1 personne enlev\u00e9e et\/ou port\u00e9e disparue, et 30 personnes victimes d\u2019arrestation arbitraire.<\/p>\n\n\n\n<p>Parmi les victimes figurent un membre du parti UPRONA tu\u00e9, 2 mineurs arr\u00eat\u00e9s arbitrairement et un enfant victime de violences physiques. <a href=\"https:\/\/ligue-iteka.bi\/wp-content\/uploads\/2024\/07\/Bulletin-ITEKA-N-IJAMBO-430.pdf\">Lire le bulletin<\/a><\/p>\n\n\n\n<p>Ecouter le r\u00e9sum\u00e9 du bulletin en Kirundi <a href=\"https:\/\/ligue-iteka.bi\/wp-content\/uploads\/2024\/07\/Bulletin-Kirundi-430.mp4\">ici<\/a><\/p>\n\n\n\n<p>Ecouter le r\u00e9sum\u00e9 du bulletin en Francais <a href=\"https:\/\/ligue-iteka.bi\/wp-content\/uploads\/2024\/07\/Bulletin-Francais-430.mp4\">ici<\/a><\/p>\n","protected":false},"excerpt":{"rendered":"<p>Ce bulletin traite le contexte \u00e9conomique, judicaire, gouvernance et s\u00e9curitaire ayant marqu\u00e9 cette p\u00e9riode. Il traite \u00e9galement les droits civils et politiques&nbsp;; les droits \u00e9conomiques, sociaux et culturels ainsi que les droits cat\u00e9goriels et se cl\u00f4ture par une conclusion. Ainsi, <a class=\"more-link\" href=\"https:\/\/ligue-iteka.bi\/index.php\/2024\/07\/23\/bulletin-hebdomadaire-iteka-nijambo-n430\/\">Continuer la lecture <span class=\"screen-reader-text\">  Bulletin hebdomadaire Iteka n&rsquo;Ijambo n\u00b0430<\/span><span class=\"meta-nav\">&rarr;<\/span><\/a><\/p>\n","protected":false},"author":3,"featured_media":0,"comment_status":"open","ping_status":"open","sticky":false,"template":"","format":"standard","meta":{"om_disable_all_campaigns":false,"footnotes":""},"categories":[],"tags":[],"class_list":["post-4966","post","type-post","status-publish","format-standard","hentry"],"_links":{"self":[{"href":"https:\/\/ligue-iteka.bi\/index.php\/wp-json\/wp\/v2\/posts\/4966","targetHints":{"allow":["GET"]}}],"collection":[{"href":"https:\/\/ligue-iteka.bi\/index.php\/wp-json\/wp\/v2\/posts"}],"about":[{"href":"https:\/\/ligue-iteka.bi\/index.php\/wp-json\/wp\/v2\/types\/post"}],"author":[{"embeddable":true,"href":"https:\/\/ligue-iteka.bi\/index.php\/wp-json\/wp\/v2\/users\/3"}],"replies":[{"embeddable":true,"href":"https:\/\/ligue-iteka.bi\/index.php\/wp-json\/wp\/v2\/comments?post=4966"}],"version-history":[{"count":2,"href":"https:\/\/ligue-iteka.bi\/index.php\/wp-json\/wp\/v2\/posts\/4966\/revisions"}],"predecessor-version":[{"id":4971,"href":"https:\/\/ligue-iteka.bi\/index.php\/wp-json\/wp\/v2\/posts\/4966\/revisions\/4971"}],"wp:attachment":[{"href":"https:\/\/ligue-iteka.bi\/index.php\/wp-json\/wp\/v2\/media?parent=4966"}],"wp:term":[{"taxonomy":"category","embeddable":true,"href":"https:\/\/ligue-iteka.bi\/index.php\/wp-json\/wp\/v2\/categories?post=4966"},{"taxonomy":"post_tag","embeddable":true,"href":"https:\/\/ligue-iteka.bi\/index.php\/wp-json\/wp\/v2\/tags?post=4966"}],"curies":[{"name":"wp","href":"https:\/\/api.w.org\/{rel}","templated":true}]}}